{"id":763,"date":"2020-09-16T18:23:27","date_gmt":"2020-09-16T16:23:27","guid":{"rendered":"http:\/\/ftavvocati.it\/?p=763"},"modified":"2020-09-17T15:05:12","modified_gmt":"2020-09-17T13:05:12","slug":"33-licenziamento-per-svolgimento-di-altra-attivita-lavorativa-durante-lassenza-per-malattia","status":"publish","type":"post","link":"https:\/\/ftavvocati.it\/index.php\/2020\/09\/16\/33-licenziamento-per-svolgimento-di-altra-attivita-lavorativa-durante-lassenza-per-malattia\/","title":{"rendered":"33. Licenziamento per svolgimento di altra attivit\u00e0 lavorativa durante l&#8217;assenza per malattia"},"content":{"rendered":"<p style=\"text-align: justify;\">Con ordinanza n. 18245 del 2 settembre 2020 la Corte di Cassazione ha confermato la legittimit\u00e0 del licenziamento per giusta causa comminato al dipendente, che durante l\u2019assenza per malattia aveva svolto altra attivit\u00e0 lavorativa, pregiudicando cos\u00ec i tempi di guarigione dalla malattia diagnosticata e il sollecito recupero delle energie da porre a disposizione del datore di lavoro.<\/p>\n<p style=\"text-align: justify;\">In particolare, secondo la Suprema Corte, lo svolgimento di altra attivit\u00e0 lavorativa da parte del dipendente, durante lo stato di malattia, configura la violazione degli specifici obblighi contrattuali di diligenza e fedelt\u00e0, nonch\u00e9 dei doveri generali di correttezza e buona fede, oltre che nell\u2019ipotesi in cui tale attivit\u00e0 esterna sia, di per s\u00e9, sufficiente a far presumere l\u2019inesistenza della malattia, anche nel caso in cui la medesima attivit\u00e0 extralavorativa da parte del lavoratore durante lo stato di malattia sia idonea a violare i doveri contrattuali di correttezza e buona fede nell\u2019adempimento dell\u2019obbligazione e a giustificare il recesso del datore di lavoro (solo) laddove si riscontri che l\u2019attivit\u00e0 espletata costituisca indice di una scarsa attenzione del lavoratore alla propria salute ed ai relativi doveri di cura e di non ritardata guarigione.<\/p>\n<p style=\"text-align: justify;\">In buona sostanza, in tema di licenziamento per svolgimento di altra attivit\u00e0 lavorativa durante l&#8217;assenza per malattia, con il provvedimento in commento la Cassazione:<\/p>\n<ul>\n<li style=\"text-align: justify;\">ha riaffermato il principio in base al quale lo svolgimento di altra attivit\u00e0 lavorativa configura la violazione degli specifici obblighi contrattuali di diligenza e fedelt\u00e0 nell&#8217;ipotesi in cui tale attivit\u00e0 sia sufficiente a far presumere l&#8217;inesistenza della malattia valutata con un giudizio <em>ex ante<\/em>;<\/li>\n<li style=\"text-align: justify;\">ha precisato come, in ogni caso, il lavoratore non debba astenersi da ogni attivit\u00e0 essendo l&#8217;unico limite rappresentato dalla necessaria compatibilit\u00e0 di tale attivit\u00e0 con lo stato di malattia e dalla sua conformit\u00e0 all&#8217;obbligo di correttezza e buona fede gravante sul lavoratore;<\/li>\n<li style=\"text-align: justify;\">ha stabilito che il licenziamento per giusta causa \u00e8 legittimo laddove l&#8217;attivit\u00e0 espletata costituisca indice di una scarsa attenzione del lavoratore alla propria salute ed ai relativi doveri di cura e di non ritardata guarigione.<\/li>\n<\/ul>\n<p style=\"text-align: justify;\">\n<p style=\"text-align: justify;\">\u00a9 FTA avvocati. All Rights Reserved<\/p>\n","protected":false},"excerpt":{"rendered":"<p>Con ordinanza n. 18245 del 2 settembre 2020 la Corte di Cassazione ha confermato la legittimit\u00e0 del licenziamento per giusta causa comminato al dipendente, che durante l\u2019assenza per malattia aveva svolto altra attivit\u00e0 lavorativa, pregiudicando cos\u00ec i tempi di guarigione dalla malattia diagnosticata e il sollecito recupero delle energie da porre a disposizione del datore [&hellip;]<\/p>\n","protected":false},"author":2,"featured_media":0,"comment_status":"closed","ping_status":"closed","sticky":false,"template":"","format":"standard","meta":[],"categories":[12],"tags":[45,77,81,80],"yoast_head":"<!-- This site is optimized with the Yoast SEO plugin v20.2.1 - https:\/\/yoast.com\/wordpress\/plugins\/seo\/ -->\n<title>33. Licenziamento per svolgimento di altra attivit\u00e0 lavorativa durante l&#039;assenza per malattia - FTA avvocati<\/title>\n<meta name=\"robots\" content=\"index, follow, max-snippet:-1, max-image-preview:large, max-video-preview:-1\" \/>\n<link rel=\"canonical\" href=\"https:\/\/ftavvocati.it\/index.php\/2020\/09\/16\/33-licenziamento-per-svolgimento-di-altra-attivita-lavorativa-durante-lassenza-per-malattia\/\" \/>\n<meta property=\"og:locale\" content=\"it_IT\" \/>\n<meta property=\"og:type\" content=\"article\" \/>\n<meta property=\"og:title\" content=\"33. Licenziamento per svolgimento di altra attivit\u00e0 lavorativa durante l&#039;assenza per malattia - FTA avvocati\" \/>\n<meta property=\"og:description\" content=\"Con ordinanza n. 18245 del 2 settembre 2020 la Corte di Cassazione ha confermato la legittimit\u00e0 del licenziamento per giusta causa comminato al dipendente, che durante l\u2019assenza per malattia aveva svolto altra attivit\u00e0 lavorativa, pregiudicando cos\u00ec i tempi di guarigione dalla malattia diagnosticata e il sollecito recupero delle energie da porre a disposizione del datore [&hellip;]\" \/>\n<meta property=\"og:url\" content=\"https:\/\/ftavvocati.it\/index.php\/2020\/09\/16\/33-licenziamento-per-svolgimento-di-altra-attivita-lavorativa-durante-lassenza-per-malattia\/\" \/>\n<meta property=\"og:site_name\" content=\"FTA avvocati\" \/>\n<meta property=\"article:published_time\" content=\"2020-09-16T16:23:27+00:00\" \/>\n<meta property=\"article:modified_time\" content=\"2020-09-17T13:05:12+00:00\" \/>\n<meta name=\"author\" content=\"FTA\" \/>\n<meta name=\"twitter:card\" content=\"summary_large_image\" \/>\n<meta name=\"twitter:label1\" content=\"Scritto da\" \/>\n\t<meta name=\"twitter:data1\" content=\"FTA\" \/>\n\t<meta name=\"twitter:label2\" content=\"Tempo di lettura stimato\" \/>\n\t<meta name=\"twitter:data2\" content=\"2 minuti\" \/>\n<script type=\"application\/ld+json\" class=\"yoast-schema-graph\">{\"@context\":\"https:\/\/schema.org\",\"@graph\":[{\"@type\":\"WebPage\",\"@id\":\"https:\/\/ftavvocati.it\/index.php\/2020\/09\/16\/33-licenziamento-per-svolgimento-di-altra-attivita-lavorativa-durante-lassenza-per-malattia\/\",\"url\":\"https:\/\/ftavvocati.it\/index.php\/2020\/09\/16\/33-licenziamento-per-svolgimento-di-altra-attivita-lavorativa-durante-lassenza-per-malattia\/\",\"name\":\"33. Licenziamento per svolgimento di altra attivit\u00e0 lavorativa durante l'assenza per malattia - FTA avvocati\",\"isPartOf\":{\"@id\":\"http:\/\/ftavvocati.it\/#website\"},\"datePublished\":\"2020-09-16T16:23:27+00:00\",\"dateModified\":\"2020-09-17T13:05:12+00:00\",\"author\":{\"@id\":\"http:\/\/ftavvocati.it\/#\/schema\/person\/f0141e6e546a04395d301fc470ccb53e\"},\"breadcrumb\":{\"@id\":\"https:\/\/ftavvocati.it\/index.php\/2020\/09\/16\/33-licenziamento-per-svolgimento-di-altra-attivita-lavorativa-durante-lassenza-per-malattia\/#breadcrumb\"},\"inLanguage\":\"it-IT\",\"potentialAction\":[{\"@type\":\"ReadAction\",\"target\":[\"https:\/\/ftavvocati.it\/index.php\/2020\/09\/16\/33-licenziamento-per-svolgimento-di-altra-attivita-lavorativa-durante-lassenza-per-malattia\/\"]}]},{\"@type\":\"BreadcrumbList\",\"@id\":\"https:\/\/ftavvocati.it\/index.php\/2020\/09\/16\/33-licenziamento-per-svolgimento-di-altra-attivita-lavorativa-durante-lassenza-per-malattia\/#breadcrumb\",\"itemListElement\":[{\"@type\":\"ListItem\",\"position\":1,\"name\":\"Home\",\"item\":\"https:\/\/ftavvocati.it\/\"},{\"@type\":\"ListItem\",\"position\":2,\"name\":\"33. Licenziamento per svolgimento di altra attivit\u00e0 lavorativa durante l&#8217;assenza per malattia\"}]},{\"@type\":\"WebSite\",\"@id\":\"http:\/\/ftavvocati.it\/#website\",\"url\":\"http:\/\/ftavvocati.it\/\",\"name\":\"FTA avvocati\",\"description\":\"\",\"potentialAction\":[{\"@type\":\"SearchAction\",\"target\":{\"@type\":\"EntryPoint\",\"urlTemplate\":\"http:\/\/ftavvocati.it\/?s={search_term_string}\"},\"query-input\":\"required name=search_term_string\"}],\"inLanguage\":\"it-IT\"},{\"@type\":\"Person\",\"@id\":\"http:\/\/ftavvocati.it\/#\/schema\/person\/f0141e6e546a04395d301fc470ccb53e\",\"name\":\"FTA\",\"url\":\"https:\/\/ftavvocati.it\/index.php\/author\/fta\/\"}]}<\/script>\n<!-- \/ Yoast SEO plugin. -->","yoast_head_json":{"title":"33. Licenziamento per svolgimento di altra attivit\u00e0 lavorativa durante l'assenza per malattia - FTA avvocati","robots":{"index":"index","follow":"follow","max-snippet":"max-snippet:-1","max-image-preview":"max-image-preview:large","max-video-preview":"max-video-preview:-1"},"canonical":"https:\/\/ftavvocati.it\/index.php\/2020\/09\/16\/33-licenziamento-per-svolgimento-di-altra-attivita-lavorativa-durante-lassenza-per-malattia\/","og_locale":"it_IT","og_type":"article","og_title":"33. Licenziamento per svolgimento di altra attivit\u00e0 lavorativa durante l'assenza per malattia - FTA avvocati","og_description":"Con ordinanza n. 18245 del 2 settembre 2020 la Corte di Cassazione ha confermato la legittimit\u00e0 del licenziamento per giusta causa comminato al dipendente, che durante l\u2019assenza per malattia aveva svolto altra attivit\u00e0 lavorativa, pregiudicando cos\u00ec i tempi di guarigione dalla malattia diagnosticata e il sollecito recupero delle energie da porre a disposizione del datore [&hellip;]","og_url":"https:\/\/ftavvocati.it\/index.php\/2020\/09\/16\/33-licenziamento-per-svolgimento-di-altra-attivita-lavorativa-durante-lassenza-per-malattia\/","og_site_name":"FTA avvocati","article_published_time":"2020-09-16T16:23:27+00:00","article_modified_time":"2020-09-17T13:05:12+00:00","author":"FTA","twitter_card":"summary_large_image","twitter_misc":{"Scritto da":"FTA","Tempo di lettura stimato":"2 minuti"},"schema":{"@context":"https:\/\/schema.org","@graph":[{"@type":"WebPage","@id":"https:\/\/ftavvocati.it\/index.php\/2020\/09\/16\/33-licenziamento-per-svolgimento-di-altra-attivita-lavorativa-durante-lassenza-per-malattia\/","url":"https:\/\/ftavvocati.it\/index.php\/2020\/09\/16\/33-licenziamento-per-svolgimento-di-altra-attivita-lavorativa-durante-lassenza-per-malattia\/","name":"33. Licenziamento per svolgimento di altra attivit\u00e0 lavorativa durante l'assenza per malattia - FTA avvocati","isPartOf":{"@id":"http:\/\/ftavvocati.it\/#website"},"datePublished":"2020-09-16T16:23:27+00:00","dateModified":"2020-09-17T13:05:12+00:00","author":{"@id":"http:\/\/ftavvocati.it\/#\/schema\/person\/f0141e6e546a04395d301fc470ccb53e"},"breadcrumb":{"@id":"https:\/\/ftavvocati.it\/index.php\/2020\/09\/16\/33-licenziamento-per-svolgimento-di-altra-attivita-lavorativa-durante-lassenza-per-malattia\/#breadcrumb"},"inLanguage":"it-IT","potentialAction":[{"@type":"ReadAction","target":["https:\/\/ftavvocati.it\/index.php\/2020\/09\/16\/33-licenziamento-per-svolgimento-di-altra-attivita-lavorativa-durante-lassenza-per-malattia\/"]}]},{"@type":"BreadcrumbList","@id":"https:\/\/ftavvocati.it\/index.php\/2020\/09\/16\/33-licenziamento-per-svolgimento-di-altra-attivita-lavorativa-durante-lassenza-per-malattia\/#breadcrumb","itemListElement":[{"@type":"ListItem","position":1,"name":"Home","item":"https:\/\/ftavvocati.it\/"},{"@type":"ListItem","position":2,"name":"33. Licenziamento per svolgimento di altra attivit\u00e0 lavorativa durante l&#8217;assenza per malattia"}]},{"@type":"WebSite","@id":"http:\/\/ftavvocati.it\/#website","url":"http:\/\/ftavvocati.it\/","name":"FTA avvocati","description":"","potentialAction":[{"@type":"SearchAction","target":{"@type":"EntryPoint","urlTemplate":"http:\/\/ftavvocati.it\/?s={search_term_string}"},"query-input":"required name=search_term_string"}],"inLanguage":"it-IT"},{"@type":"Person","@id":"http:\/\/ftavvocati.it\/#\/schema\/person\/f0141e6e546a04395d301fc470ccb53e","name":"FTA","url":"https:\/\/ftavvocati.it\/index.php\/author\/fta\/"}]}},"featured_image_src":null,"featured_image_src_square":null,"author_info":{"display_name":"FTA","author_link":"https:\/\/ftavvocati.it\/index.php\/author\/fta\/"},"_links":{"self":[{"href":"https:\/\/ftavvocati.it\/index.php\/wp-json\/wp\/v2\/posts\/763"}],"collection":[{"href":"https:\/\/ftavvocati.it\/index.php\/wp-json\/wp\/v2\/posts"}],"about":[{"href":"https:\/\/ftavvocati.it\/index.php\/wp-json\/wp\/v2\/types\/post"}],"author":[{"embeddable":true,"href":"https:\/\/ftavvocati.it\/index.php\/wp-json\/wp\/v2\/users\/2"}],"replies":[{"embeddable":true,"href":"https:\/\/ftavvocati.it\/index.php\/wp-json\/wp\/v2\/comments?post=763"}],"version-history":[{"count":3,"href":"https:\/\/ftavvocati.it\/index.php\/wp-json\/wp\/v2\/posts\/763\/revisions"}],"predecessor-version":[{"id":772,"href":"https:\/\/ftavvocati.it\/index.php\/wp-json\/wp\/v2\/posts\/763\/revisions\/772"}],"wp:attachment":[{"href":"https:\/\/ftavvocati.it\/index.php\/wp-json\/wp\/v2\/media?parent=763"}],"wp:term":[{"taxonomy":"category","embeddable":true,"href":"https:\/\/ftavvocati.it\/index.php\/wp-json\/wp\/v2\/categories?post=763"},{"taxonomy":"post_tag","embeddable":true,"href":"https:\/\/ftavvocati.it\/index.php\/wp-json\/wp\/v2\/tags?post=763"}],"curies":[{"name":"wp","href":"https:\/\/api.w.org\/{rel}","templated":true}]}}