{"id":376,"date":"2019-10-14T10:18:08","date_gmt":"2019-10-14T08:18:08","guid":{"rendered":"http:\/\/ftavvocati.it\/?p=376"},"modified":"2020-04-07T01:02:10","modified_gmt":"2020-04-06T23:02:10","slug":"9-responsabilita-del-franchisor-verso-il-cliente-finale-della-sua-catena","status":"publish","type":"post","link":"https:\/\/ftavvocati.it\/index.php\/2019\/10\/14\/9-responsabilita-del-franchisor-verso-il-cliente-finale-della-sua-catena\/","title":{"rendered":"9 Responsabilit\u00e0 del franchisor verso il cliente finale della sua catena"},"content":{"rendered":"<p style=\"text-align: justify;\"><strong>Responsabilit\u00e0 del franchisor verso il cliente finale della sua catena<\/strong><\/p>\n<p style=\"text-align: justify;\">Con la sentenza n. 5625 del 3 maggio 2019 il TAR Lazio si \u00e8 pronunciato sul tema della responsabilit\u00e0 extracontrattuale dei franchisor nei confronti del cliente finale per fatti commessi dal franchisee.<\/p>\n<p style=\"text-align: justify;\">In particolare nella suddetta pronuncia i giudici amministrativi hanno stabilito che:<\/p>\n<ul style=\"text-align: justify;\">\n<li>il contratto di franchising e l&#8217;appartenenza del franchisee ad una catena in franchising creano nel cliente finale un affidamento sia sull&#8217;identit\u00e0 tra franchisor e franchisee, sia sull&#8217;esistenza nel franchisee dei medesimi standard qualitativi e di correttezza commerciale posseduti dal franchisor;<\/li>\n<li>da tali affidamenti deriva un obbligo di controllo a carico del franchisor sull\u2019operato del suo franchisee;<\/li>\n<li>l\u2019omissione colposa di tale controllo da parte del franchisor comporta una sua responsabilit\u00e0 extracontrattuale nei confronti del cliente finale della catena in franchising per fatti imputabili al franchisee.<\/li>\n<\/ul>\n<p style=\"text-align: justify;\">\n<p style=\"text-align: justify;\">\u00a9 FTA avvocati. All Rights Reserved<\/p>\n","protected":false},"excerpt":{"rendered":"<p>Responsabilit\u00e0 del franchisor verso il cliente finale della sua catena Con la sentenza n. 5625 del 3 maggio 2019 il TAR Lazio si \u00e8 pronunciato sul tema della responsabilit\u00e0 extracontrattuale dei franchisor nei confronti del cliente finale per fatti commessi dal franchisee. In particolare nella suddetta pronuncia i giudici amministrativi hanno stabilito che: il contratto [&hellip;]<\/p>\n","protected":false},"author":2,"featured_media":0,"comment_status":"open","ping_status":"open","sticky":false,"template":"","format":"standard","meta":[],"categories":[11],"tags":[],"yoast_head":"<!-- This site is optimized with the Yoast SEO plugin v20.2.1 - https:\/\/yoast.com\/wordpress\/plugins\/seo\/ -->\n<title>9 Responsabilit\u00e0 del franchisor verso il cliente finale della sua catena - FTA avvocati<\/title>\n<meta name=\"robots\" content=\"index, follow, max-snippet:-1, max-image-preview:large, max-video-preview:-1\" \/>\n<link rel=\"canonical\" href=\"https:\/\/ftavvocati.it\/index.php\/2019\/10\/14\/9-responsabilita-del-franchisor-verso-il-cliente-finale-della-sua-catena\/\" \/>\n<meta property=\"og:locale\" content=\"it_IT\" \/>\n<meta property=\"og:type\" content=\"article\" \/>\n<meta property=\"og:title\" content=\"9 Responsabilit\u00e0 del franchisor verso il cliente finale della sua catena - FTA avvocati\" \/>\n<meta property=\"og:description\" content=\"Responsabilit\u00e0 del franchisor verso il cliente finale della sua catena Con la sentenza n. 5625 del 3 maggio 2019 il TAR Lazio si \u00e8 pronunciato sul tema della responsabilit\u00e0 extracontrattuale dei franchisor nei confronti del cliente finale per fatti commessi dal franchisee. In particolare nella suddetta pronuncia i giudici amministrativi hanno stabilito che: il contratto [&hellip;]\" \/>\n<meta property=\"og:url\" content=\"https:\/\/ftavvocati.it\/index.php\/2019\/10\/14\/9-responsabilita-del-franchisor-verso-il-cliente-finale-della-sua-catena\/\" \/>\n<meta property=\"og:site_name\" content=\"FTA avvocati\" \/>\n<meta property=\"article:published_time\" content=\"2019-10-14T08:18:08+00:00\" \/>\n<meta property=\"article:modified_time\" content=\"2020-04-06T23:02:10+00:00\" \/>\n<meta name=\"author\" content=\"FTA\" \/>\n<meta name=\"twitter:card\" content=\"summary_large_image\" \/>\n<meta name=\"twitter:label1\" content=\"Scritto da\" \/>\n\t<meta name=\"twitter:data1\" content=\"FTA\" \/>\n\t<meta name=\"twitter:label2\" content=\"Tempo di lettura stimato\" \/>\n\t<meta name=\"twitter:data2\" content=\"1 minuto\" \/>\n<script type=\"application\/ld+json\" class=\"yoast-schema-graph\">{\"@context\":\"https:\/\/schema.org\",\"@graph\":[{\"@type\":\"WebPage\",\"@id\":\"https:\/\/ftavvocati.it\/index.php\/2019\/10\/14\/9-responsabilita-del-franchisor-verso-il-cliente-finale-della-sua-catena\/\",\"url\":\"https:\/\/ftavvocati.it\/index.php\/2019\/10\/14\/9-responsabilita-del-franchisor-verso-il-cliente-finale-della-sua-catena\/\",\"name\":\"9 Responsabilit\u00e0 del franchisor verso il cliente finale della sua catena - FTA avvocati\",\"isPartOf\":{\"@id\":\"http:\/\/ftavvocati.it\/#website\"},\"datePublished\":\"2019-10-14T08:18:08+00:00\",\"dateModified\":\"2020-04-06T23:02:10+00:00\",\"author\":{\"@id\":\"http:\/\/ftavvocati.it\/#\/schema\/person\/f0141e6e546a04395d301fc470ccb53e\"},\"breadcrumb\":{\"@id\":\"https:\/\/ftavvocati.it\/index.php\/2019\/10\/14\/9-responsabilita-del-franchisor-verso-il-cliente-finale-della-sua-catena\/#breadcrumb\"},\"inLanguage\":\"it-IT\",\"potentialAction\":[{\"@type\":\"ReadAction\",\"target\":[\"https:\/\/ftavvocati.it\/index.php\/2019\/10\/14\/9-responsabilita-del-franchisor-verso-il-cliente-finale-della-sua-catena\/\"]}]},{\"@type\":\"BreadcrumbList\",\"@id\":\"https:\/\/ftavvocati.it\/index.php\/2019\/10\/14\/9-responsabilita-del-franchisor-verso-il-cliente-finale-della-sua-catena\/#breadcrumb\",\"itemListElement\":[{\"@type\":\"ListItem\",\"position\":1,\"name\":\"Home\",\"item\":\"https:\/\/ftavvocati.it\/\"},{\"@type\":\"ListItem\",\"position\":2,\"name\":\"9 Responsabilit\u00e0 del franchisor verso il cliente finale della sua catena\"}]},{\"@type\":\"WebSite\",\"@id\":\"http:\/\/ftavvocati.it\/#website\",\"url\":\"http:\/\/ftavvocati.it\/\",\"name\":\"FTA avvocati\",\"description\":\"\",\"potentialAction\":[{\"@type\":\"SearchAction\",\"target\":{\"@type\":\"EntryPoint\",\"urlTemplate\":\"http:\/\/ftavvocati.it\/?s={search_term_string}\"},\"query-input\":\"required name=search_term_string\"}],\"inLanguage\":\"it-IT\"},{\"@type\":\"Person\",\"@id\":\"http:\/\/ftavvocati.it\/#\/schema\/person\/f0141e6e546a04395d301fc470ccb53e\",\"name\":\"FTA\",\"url\":\"https:\/\/ftavvocati.it\/index.php\/author\/fta\/\"}]}<\/script>\n<!-- \/ Yoast SEO plugin. -->","yoast_head_json":{"title":"9 Responsabilit\u00e0 del franchisor verso il cliente finale della sua catena - FTA avvocati","robots":{"index":"index","follow":"follow","max-snippet":"max-snippet:-1","max-image-preview":"max-image-preview:large","max-video-preview":"max-video-preview:-1"},"canonical":"https:\/\/ftavvocati.it\/index.php\/2019\/10\/14\/9-responsabilita-del-franchisor-verso-il-cliente-finale-della-sua-catena\/","og_locale":"it_IT","og_type":"article","og_title":"9 Responsabilit\u00e0 del franchisor verso il cliente finale della sua catena - FTA avvocati","og_description":"Responsabilit\u00e0 del franchisor verso il cliente finale della sua catena Con la sentenza n. 5625 del 3 maggio 2019 il TAR Lazio si \u00e8 pronunciato sul tema della responsabilit\u00e0 extracontrattuale dei franchisor nei confronti del cliente finale per fatti commessi dal franchisee. In particolare nella suddetta pronuncia i giudici amministrativi hanno stabilito che: il contratto [&hellip;]","og_url":"https:\/\/ftavvocati.it\/index.php\/2019\/10\/14\/9-responsabilita-del-franchisor-verso-il-cliente-finale-della-sua-catena\/","og_site_name":"FTA avvocati","article_published_time":"2019-10-14T08:18:08+00:00","article_modified_time":"2020-04-06T23:02:10+00:00","author":"FTA","twitter_card":"summary_large_image","twitter_misc":{"Scritto da":"FTA","Tempo di lettura stimato":"1 minuto"},"schema":{"@context":"https:\/\/schema.org","@graph":[{"@type":"WebPage","@id":"https:\/\/ftavvocati.it\/index.php\/2019\/10\/14\/9-responsabilita-del-franchisor-verso-il-cliente-finale-della-sua-catena\/","url":"https:\/\/ftavvocati.it\/index.php\/2019\/10\/14\/9-responsabilita-del-franchisor-verso-il-cliente-finale-della-sua-catena\/","name":"9 Responsabilit\u00e0 del franchisor verso il cliente finale della sua catena - FTA avvocati","isPartOf":{"@id":"http:\/\/ftavvocati.it\/#website"},"datePublished":"2019-10-14T08:18:08+00:00","dateModified":"2020-04-06T23:02:10+00:00","author":{"@id":"http:\/\/ftavvocati.it\/#\/schema\/person\/f0141e6e546a04395d301fc470ccb53e"},"breadcrumb":{"@id":"https:\/\/ftavvocati.it\/index.php\/2019\/10\/14\/9-responsabilita-del-franchisor-verso-il-cliente-finale-della-sua-catena\/#breadcrumb"},"inLanguage":"it-IT","potentialAction":[{"@type":"ReadAction","target":["https:\/\/ftavvocati.it\/index.php\/2019\/10\/14\/9-responsabilita-del-franchisor-verso-il-cliente-finale-della-sua-catena\/"]}]},{"@type":"BreadcrumbList","@id":"https:\/\/ftavvocati.it\/index.php\/2019\/10\/14\/9-responsabilita-del-franchisor-verso-il-cliente-finale-della-sua-catena\/#breadcrumb","itemListElement":[{"@type":"ListItem","position":1,"name":"Home","item":"https:\/\/ftavvocati.it\/"},{"@type":"ListItem","position":2,"name":"9 Responsabilit\u00e0 del franchisor verso il cliente finale della sua catena"}]},{"@type":"WebSite","@id":"http:\/\/ftavvocati.it\/#website","url":"http:\/\/ftavvocati.it\/","name":"FTA avvocati","description":"","potentialAction":[{"@type":"SearchAction","target":{"@type":"EntryPoint","urlTemplate":"http:\/\/ftavvocati.it\/?s={search_term_string}"},"query-input":"required name=search_term_string"}],"inLanguage":"it-IT"},{"@type":"Person","@id":"http:\/\/ftavvocati.it\/#\/schema\/person\/f0141e6e546a04395d301fc470ccb53e","name":"FTA","url":"https:\/\/ftavvocati.it\/index.php\/author\/fta\/"}]}},"featured_image_src":null,"featured_image_src_square":null,"author_info":{"display_name":"FTA","author_link":"https:\/\/ftavvocati.it\/index.php\/author\/fta\/"},"_links":{"self":[{"href":"https:\/\/ftavvocati.it\/index.php\/wp-json\/wp\/v2\/posts\/376"}],"collection":[{"href":"https:\/\/ftavvocati.it\/index.php\/wp-json\/wp\/v2\/posts"}],"about":[{"href":"https:\/\/ftavvocati.it\/index.php\/wp-json\/wp\/v2\/types\/post"}],"author":[{"embeddable":true,"href":"https:\/\/ftavvocati.it\/index.php\/wp-json\/wp\/v2\/users\/2"}],"replies":[{"embeddable":true,"href":"https:\/\/ftavvocati.it\/index.php\/wp-json\/wp\/v2\/comments?post=376"}],"version-history":[{"count":1,"href":"https:\/\/ftavvocati.it\/index.php\/wp-json\/wp\/v2\/posts\/376\/revisions"}],"predecessor-version":[{"id":377,"href":"https:\/\/ftavvocati.it\/index.php\/wp-json\/wp\/v2\/posts\/376\/revisions\/377"}],"wp:attachment":[{"href":"https:\/\/ftavvocati.it\/index.php\/wp-json\/wp\/v2\/media?parent=376"}],"wp:term":[{"taxonomy":"category","embeddable":true,"href":"https:\/\/ftavvocati.it\/index.php\/wp-json\/wp\/v2\/categories?post=376"},{"taxonomy":"post_tag","embeddable":true,"href":"https:\/\/ftavvocati.it\/index.php\/wp-json\/wp\/v2\/tags?post=376"}],"curies":[{"name":"wp","href":"https:\/\/api.w.org\/{rel}","templated":true}]}}