{"id":1639,"date":"2023-07-12T18:14:31","date_gmt":"2023-07-12T16:14:31","guid":{"rendered":"https:\/\/ftavvocati.it\/?p=1639"},"modified":"2023-07-12T18:51:01","modified_gmt":"2023-07-12T16:51:01","slug":"70-le-novita-della-legge-n-85-del-3-luglio-2023-di-conversionene-del-decreto-lavoro","status":"publish","type":"post","link":"https:\/\/ftavvocati.it\/index.php\/2023\/07\/12\/70-le-novita-della-legge-n-85-del-3-luglio-2023-di-conversionene-del-decreto-lavoro\/","title":{"rendered":"70. Le novit\u00e0 della Legge n. 85 del 3 luglio 2023 di conversionene del decreto Lavoro"},"content":{"rendered":"<p style=\"text-align: justify;\">L\u2019articolo illustra le principali novit\u00e0 della Legge n. 85 del 3 luglio 2023 di conversione del c.d. decreto Lavoro, indicando le date di decorrenza di tali novit\u00e0.<\/p>\r\n<p>&nbsp;<\/p>\r\n<p style=\"text-align: justify;\"><strong>Nuove causali per i contratti a termine di durata superiore ai 12 mesi: <\/strong>viene confermata la possibilit\u00e0 della stipula di un contratto a tempo determinato a-causale di durata non superiore a 12 mesi. \u00c8 esclusa anche per i rinnovi, come gi\u00e0 previsto per le proroghe, l&#8217;esigenza delle causali se la durata complessiva del rapporto non supera i 12 mesi. Ai fini del computo dei 12 mesi si tiene conto dei soli contratti stipulati a far data dal 5 maggio 2023. Viene confermata la possibilit\u00e0 dal 5 maggio 2023 di stipulare contratti a termine di durata superiore a 12 mesi e non oltre 24 mesi solamente nelle seguenti ipotesi:<\/p>\r\n<ul style=\"text-align: justify;\">\r\n<li style=\"text-align: justify;\">nei casi previsti dai contratti collettivi, anche di secondo livello (territoriali o aziendali);<\/li>\r\n<li style=\"text-align: justify;\">in caso di mancata previsione da parte della contrattazione collettiva, per esigenze di natura tecnica, organizzativa o produttiva individuate dalle parti e comunque entro il 30 aprile 2024;<\/li>\r\n<li style=\"text-align: justify;\">per esigenze di sostituzione di altri lavoratori.<\/li>\r\n<\/ul>\r\n<p>&nbsp;<\/p>\r\n<p style=\"text-align: justify;\"><strong>Contratti di somministrazione: <\/strong>dalla data di entrata in vigore della legge di conversione in esame sono esclusi dal limite percentuale previsto per i lavoratori con contratto di somministrazione di lavoro a tempo indeterminato i lavoratori somministrati assunti con contratto di lavoro in apprendistato, dei soggetti in mobilit\u00e0, dei disoccupati o cassa integrati da almeno sei mesi e i lavoratori svantaggiati e molto svantaggiati ai sensi del Reg. UE n. 651\/2014.<\/p>\r\n<p>&nbsp;<\/p>\r\n<p style=\"text-align: justify;\"><strong>Obblighi informativi: <\/strong>vengono confermate le semplificazioni in vigore dal 5 maggio 2023 riguardo agli obblighi di informazione e di pubblicazione relativi al rapporto di lavoro, che devono essere adempiuti dal datore di lavoro o dal committente in favore dei lavoratori. L\u2019obbligo di informazione riguardante \u201c<em>le modalit\u00e0 organizzative in gran parte o interamente imprevedibili prive di un orario normale di lavoro programmato<\/em>\u201d potr\u00e0 essere assolto mediante la consegna al lavoratore del contratto individuale di lavoro redatto per iscritto o della copia della comunicazione di instaurazione del rapporto di lavoro.<\/p>\r\n<p>&nbsp;<\/p>\r\n<p style=\"text-align: justify;\"><strong>Taglio cuneo fiscale: <\/strong>dal 1\u00b0 luglio al 31 dicembre 2023 \u00e8 aumentata di 4 punti la percentuale di esonero sulla quota dei contributi previdenziali dovuti dai lavoratori dipendenti pubblici e privati, gi\u00e0 riconosciuto nella misura di due punti percentuali dalla Legge di bilancio 2023, senza ulteriori effetti sulla tredicesima. Per effetto di tale incremento, dal mese di luglio e sino a dicembre, l\u2019esonero sar\u00e0 pari al 7% per le retribuzioni imponibili sino a \u20ac 1.923,00 e al 6% per le retribuzioni imponibili non eccedenti l\u2019importo mensile di \u20ac 2.692,00.<\/p>\r\n<p>&nbsp;<\/p>\r\n<p style=\"text-align: justify;\"><strong>Fringe benefit: <\/strong>elativamente al periodo d&#8217;imposta 2023, per i dipendenti con figli fiscalmente a carico viene incrementato da \u20ac 258,23 a \u20ac 3.000,00 il limite di esenzione dal computo del reddito imponibile del lavoratore dipendente per i beni ceduti e i servizi prestati al lavoratore medesimo e delle somme erogate o rimborsate dal datore di lavoro per il pagamento delle utenze domestiche del servizio idrico integrato, dell&#8217;energia elettrica e del gas naturale. Sono considerati fiscalmente a carico i figli che non superano i 24 anni di et\u00e0 e che hanno percepito nell\u2019anno un reddito pari o inferiore a \u20ac 4.000,00 o, in alternativa, di et\u00e0 superiore ai 24 anni con un reddito complessivo annuo non superiore a \u20ac 2.840,51.<\/p>\r\n<p>&nbsp;<\/p>\r\n<p style=\"text-align: justify;\"><strong>Smart working: <\/strong>sono prorogati:<\/p>\r\n<ul style=\"text-align: justify;\">\r\n<li>fino al 30 settembre 2023 il diritto allo smart working per i lavoratori dipendenti pubblici e privati rientranti nelle condizioni fragilit\u00e0 accertata ai sensi del D.M. 4 febbraio 2022;<\/li>\r\n<li>fino al 31 dicembre 2023 il diritto per: i) lavoratori dipendenti del settore privato che abbiano almeno un figlio minore di 14 anni, a condizione che nel nucleo familiare non via sia altro genitore beneficiario di strumenti di sostegno al reddito con sospensione o cessazione dell\u2019attivit\u00e0 lavorativa, o privo di impiego; ii) lavoratori ritenuti maggiormente esposti al rischio COVID-19, in ragione dell\u2019et\u00e0 o della condizione di rischio derivante da immunodepressione o da esiti di malattie oncologiche o comorbilit\u00e0, sulla base di valutazioni opportunatamente certificate dal medico competente ove presente.<\/li>\r\n<\/ul>\r\n<p>&nbsp;<\/p>\r\n<p style=\"text-align: justify;\"><strong>Lavoro occasionale: <\/strong>viene confermata la modifica dal 5 maggio 2023 della disciplina del lavoro occasionale per i soggetti operanti nei settori dei congressi, delle fiere, degli eventi, degli stabilimenti termali e dei parchi divertimento.<\/p>\r\n<p>&nbsp;<\/p>\r\n<p style=\"text-align: justify;\"><strong>Bonus lavoratori dipendenti del settore turistico: <\/strong>dal 1\u00b0 giugno al 21 settembre 2023 viene riconosciuta ai lavoratori del comparto del turismo (inclusi gli stabilimenti termali) con un reddito fino a \u20ac 40.000,00 una somma a titolo di trattamento integrativo speciale, che non concorre alla formazione del reddito, pari al 15% delle retribuzioni lorde corrisposte in relazione al lavoro notturno e alle prestazioni di lavoro straordinario.<\/p>\r\n<p>&nbsp;<\/p>\r\n<p style=\"text-align: justify;\"><strong>Supporto per la formazione e il lavoro: <\/strong>a\u00a0decorrere dal 1\u00b0 settembre 2023 entra in vigore il supporto per la formazione e il lavoro come misura di attivazione al lavoro o comunque di politica attiva del lavoro, mediante la partecipazione a progetti formativi e di accompagnamento al lavoro.<\/p>\r\n<p>&nbsp;<\/p>\r\n<p style=\"text-align: justify;\"><strong>Contributo assunzione giovani NEET: <\/strong>per le nuove assunzioni, effettuate dal 1\u00b0 giugno 2023 al 31 dicembre 2023, a tempo indeterminato, anche a scopo di somministrazione o con contratto di apprendistato professionalizzante o di mestiere, di giovani NEET al di sotto dei 30 anni, registrati al PON &#8220;Iniziativa Occupazione Giovani&#8221;, viene riconosciuto ai datori di lavoro privati un incentivo pari al 60% della retribuzione mensile lorda imponibile ai fini previdenziali, per un periodo di 12 mesi.<strong>\u00a0<\/strong><\/p>\r\n<p>&nbsp;<\/p>\r\n<p style=\"text-align: justify;\"><strong>Contributo assunzione giovani disabili: <\/strong>per le assunzioni effettuate nel periodo dal 1\u00b0 agosto 2022 al 31 dicembre 2023 con contratto a tempo indeterminato di soggetti con disabilit\u00e0 e di et\u00e0 inferiore a 35 anni viene istituito un contributo a favore degli Enti del Terzo settore e di altri enti ad essi assimilabili, le cui modalit\u00e0 attuative saranno definite in apposito decreto, da adottare entro il 1\u00b0 marzo 2024.<\/p>\r\n<p>&nbsp;<\/p>\r\n<p style=\"text-align: justify;\"><strong>Reddito di cittadinanza: <\/strong>\u00e8\u00a0operativa fino al 31 dicembre 2023 una disciplina transitoria relativa alle modalit\u00e0 e ai tempi di fruizione del reddito e della pensione di cittadinanza, oltre che all&#8217;applicazione del sistema sanzionatorio penale.<\/p>\r\n<p>&nbsp;<\/p>\r\n<p style=\"text-align: justify;\"><strong>Assegno di inclusione: <\/strong>a\u00a0decorrere dal 1\u00b0 gennaio 2024 \u00e8 istituito l\u2019assegno di inclusione, riconosciuto in favore dei nuclei familiari in cui vi sia almeno un soggetto minorenne o avente almeno 60 anni di et\u00e0 o disabile o in condizione di svantaggio e inserito in programmi di cura e assistenza dei servizi sociosanitari territoriali certificati dalla pubblica amministrazione.<\/p>\r\n<p>&nbsp;<\/p>\r\n<p style=\"text-align: justify;\"><strong>Salute e sicurezza sul lavoro: <\/strong>viene confermata la vigenza dal 5 maggio 2023 delle modifiche al D.lgs. 81\/2008 dirette al rafforzamento delle regole di sicurezza sul lavoro e di tutela contro gli infortuni.<\/p>\r\n<p>&nbsp;<\/p>\r\n<p style=\"text-align: justify;\"><strong>Sanzioni per omesso versamento dei contributi: <\/strong>viene confermata la vigenza dal 5 maggio 2023 delle nuove sanzioni in caso di omesso versamento dei contributi da parte dei datori di lavoro e da parte dei committenti dei contratti di co.co.co. rientranti nella Gestione separata. Per omissioni non superiori a \u20ac 10.000,00 si applica la sanzione amministrativa da 1 volta e mezza a 4 volte l&#8217;importo omesso.<\/p>\r\n<p style=\"text-align: justify;\">\u00a0<\/p>\r\n<p style=\"text-align: justify;\">\u00a0<\/p>\r\n<p style=\"text-align: justify;\"><span style=\"font-size: 12pt;\">\u00a9 FTA avvocati. All Rights Reserved<\/span><\/p>\r\n\r\n<p style=\"text-align: justify;\">\u00a0<\/p>\r\n","protected":false},"excerpt":{"rendered":"<p>L\u2019articolo illustra le principali novit\u00e0 della Legge n. 85 del 3 luglio 2023 di conversione del c.d. decreto Lavoro, indicando le date di decorrenza di tali novit\u00e0. &nbsp; Nuove causali per i contratti a termine di durata superiore ai 12 mesi: viene confermata la possibilit\u00e0 della stipula di un contratto a tempo determinato a-causale di [&hellip;]<\/p>\n","protected":false},"author":2,"featured_media":1644,"comment_status":"closed","ping_status":"closed","sticky":false,"template":"","format":"standard","meta":[],"categories":[12],"tags":[108],"yoast_head":"<!-- This site is optimized with the Yoast SEO plugin v20.2.1 - https:\/\/yoast.com\/wordpress\/plugins\/seo\/ -->\n<title>70. Le novit\u00e0 della Legge n. 85 del 3 luglio 2023 di conversionene del decreto Lavoro - FTA avvocati<\/title>\n<meta name=\"description\" content=\"Le principali novit\u00e0 e le date di decorrenza della legge n. 85 del 3 luglio 2023, che \u00e8 la legge di conversione del decreto Lavoro\" \/>\n<meta name=\"robots\" content=\"index, follow, max-snippet:-1, max-image-preview:large, max-video-preview:-1\" \/>\n<link rel=\"canonical\" href=\"https:\/\/ftavvocati.it\/index.php\/2023\/07\/12\/70-le-novita-della-legge-n-85-del-3-luglio-2023-di-conversionene-del-decreto-lavoro\/\" \/>\n<meta property=\"og:locale\" content=\"it_IT\" \/>\n<meta property=\"og:type\" content=\"article\" \/>\n<meta property=\"og:title\" content=\"70. Le novit\u00e0 della Legge n. 85 del 3 luglio 2023 di conversionene del decreto Lavoro - FTA avvocati\" \/>\n<meta property=\"og:description\" content=\"Le principali novit\u00e0 e le date di decorrenza della legge n. 85 del 3 luglio 2023, che \u00e8 la legge di conversione del decreto Lavoro\" \/>\n<meta property=\"og:url\" content=\"https:\/\/ftavvocati.it\/index.php\/2023\/07\/12\/70-le-novita-della-legge-n-85-del-3-luglio-2023-di-conversionene-del-decreto-lavoro\/\" \/>\n<meta property=\"og:site_name\" content=\"FTA avvocati\" \/>\n<meta property=\"article:published_time\" content=\"2023-07-12T16:14:31+00:00\" \/>\n<meta property=\"article:modified_time\" content=\"2023-07-12T16:51:01+00:00\" \/>\n<meta property=\"og:image\" content=\"http:\/\/ftavvocati.it\/wp-content\/uploads\/2023\/07\/73.png\" \/>\n\t<meta property=\"og:image:width\" content=\"940\" \/>\n\t<meta property=\"og:image:height\" content=\"788\" \/>\n\t<meta property=\"og:image:type\" content=\"image\/png\" \/>\n<meta name=\"author\" content=\"FTA\" \/>\n<meta name=\"twitter:card\" content=\"summary_large_image\" \/>\n<meta name=\"twitter:label1\" content=\"Scritto da\" \/>\n\t<meta name=\"twitter:data1\" content=\"FTA\" \/>\n\t<meta name=\"twitter:label2\" content=\"Tempo di lettura stimato\" \/>\n\t<meta name=\"twitter:data2\" content=\"7 minuti\" \/>\n<script type=\"application\/ld+json\" class=\"yoast-schema-graph\">{\"@context\":\"https:\/\/schema.org\",\"@graph\":[{\"@type\":\"WebPage\",\"@id\":\"https:\/\/ftavvocati.it\/index.php\/2023\/07\/12\/70-le-novita-della-legge-n-85-del-3-luglio-2023-di-conversionene-del-decreto-lavoro\/\",\"url\":\"https:\/\/ftavvocati.it\/index.php\/2023\/07\/12\/70-le-novita-della-legge-n-85-del-3-luglio-2023-di-conversionene-del-decreto-lavoro\/\",\"name\":\"70. Le novit\u00e0 della Legge n. 85 del 3 luglio 2023 di conversionene del decreto Lavoro - FTA avvocati\",\"isPartOf\":{\"@id\":\"http:\/\/ftavvocati.it\/#website\"},\"datePublished\":\"2023-07-12T16:14:31+00:00\",\"dateModified\":\"2023-07-12T16:51:01+00:00\",\"author\":{\"@id\":\"http:\/\/ftavvocati.it\/#\/schema\/person\/f0141e6e546a04395d301fc470ccb53e\"},\"description\":\"Le principali novit\u00e0 e le date di decorrenza della legge n. 85 del 3 luglio 2023, che \u00e8 la legge di conversione del decreto Lavoro\",\"breadcrumb\":{\"@id\":\"https:\/\/ftavvocati.it\/index.php\/2023\/07\/12\/70-le-novita-della-legge-n-85-del-3-luglio-2023-di-conversionene-del-decreto-lavoro\/#breadcrumb\"},\"inLanguage\":\"it-IT\",\"potentialAction\":[{\"@type\":\"ReadAction\",\"target\":[\"https:\/\/ftavvocati.it\/index.php\/2023\/07\/12\/70-le-novita-della-legge-n-85-del-3-luglio-2023-di-conversionene-del-decreto-lavoro\/\"]}]},{\"@type\":\"BreadcrumbList\",\"@id\":\"https:\/\/ftavvocati.it\/index.php\/2023\/07\/12\/70-le-novita-della-legge-n-85-del-3-luglio-2023-di-conversionene-del-decreto-lavoro\/#breadcrumb\",\"itemListElement\":[{\"@type\":\"ListItem\",\"position\":1,\"name\":\"Home\",\"item\":\"https:\/\/ftavvocati.it\/\"},{\"@type\":\"ListItem\",\"position\":2,\"name\":\"70. Le novit\u00e0 della Legge n. 85 del 3 luglio 2023 di conversionene del decreto Lavoro\"}]},{\"@type\":\"WebSite\",\"@id\":\"http:\/\/ftavvocati.it\/#website\",\"url\":\"http:\/\/ftavvocati.it\/\",\"name\":\"FTA avvocati\",\"description\":\"\",\"potentialAction\":[{\"@type\":\"SearchAction\",\"target\":{\"@type\":\"EntryPoint\",\"urlTemplate\":\"http:\/\/ftavvocati.it\/?s={search_term_string}\"},\"query-input\":\"required name=search_term_string\"}],\"inLanguage\":\"it-IT\"},{\"@type\":\"Person\",\"@id\":\"http:\/\/ftavvocati.it\/#\/schema\/person\/f0141e6e546a04395d301fc470ccb53e\",\"name\":\"FTA\",\"url\":\"https:\/\/ftavvocati.it\/index.php\/author\/fta\/\"}]}<\/script>\n<!-- \/ Yoast SEO plugin. -->","yoast_head_json":{"title":"70. Le novit\u00e0 della Legge n. 85 del 3 luglio 2023 di conversionene del decreto Lavoro - FTA avvocati","description":"Le principali novit\u00e0 e le date di decorrenza della legge n. 85 del 3 luglio 2023, che \u00e8 la legge di conversione del decreto Lavoro","robots":{"index":"index","follow":"follow","max-snippet":"max-snippet:-1","max-image-preview":"max-image-preview:large","max-video-preview":"max-video-preview:-1"},"canonical":"https:\/\/ftavvocati.it\/index.php\/2023\/07\/12\/70-le-novita-della-legge-n-85-del-3-luglio-2023-di-conversionene-del-decreto-lavoro\/","og_locale":"it_IT","og_type":"article","og_title":"70. Le novit\u00e0 della Legge n. 85 del 3 luglio 2023 di conversionene del decreto Lavoro - FTA avvocati","og_description":"Le principali novit\u00e0 e le date di decorrenza della legge n. 85 del 3 luglio 2023, che \u00e8 la legge di conversione del decreto Lavoro","og_url":"https:\/\/ftavvocati.it\/index.php\/2023\/07\/12\/70-le-novita-della-legge-n-85-del-3-luglio-2023-di-conversionene-del-decreto-lavoro\/","og_site_name":"FTA avvocati","article_published_time":"2023-07-12T16:14:31+00:00","article_modified_time":"2023-07-12T16:51:01+00:00","og_image":[{"width":940,"height":788,"url":"http:\/\/ftavvocati.it\/wp-content\/uploads\/2023\/07\/73.png","type":"image\/png"}],"author":"FTA","twitter_card":"summary_large_image","twitter_misc":{"Scritto da":"FTA","Tempo di lettura stimato":"7 minuti"},"schema":{"@context":"https:\/\/schema.org","@graph":[{"@type":"WebPage","@id":"https:\/\/ftavvocati.it\/index.php\/2023\/07\/12\/70-le-novita-della-legge-n-85-del-3-luglio-2023-di-conversionene-del-decreto-lavoro\/","url":"https:\/\/ftavvocati.it\/index.php\/2023\/07\/12\/70-le-novita-della-legge-n-85-del-3-luglio-2023-di-conversionene-del-decreto-lavoro\/","name":"70. Le novit\u00e0 della Legge n. 85 del 3 luglio 2023 di conversionene del decreto Lavoro - FTA avvocati","isPartOf":{"@id":"http:\/\/ftavvocati.it\/#website"},"datePublished":"2023-07-12T16:14:31+00:00","dateModified":"2023-07-12T16:51:01+00:00","author":{"@id":"http:\/\/ftavvocati.it\/#\/schema\/person\/f0141e6e546a04395d301fc470ccb53e"},"description":"Le principali novit\u00e0 e le date di decorrenza della legge n. 85 del 3 luglio 2023, che \u00e8 la legge di conversione del decreto Lavoro","breadcrumb":{"@id":"https:\/\/ftavvocati.it\/index.php\/2023\/07\/12\/70-le-novita-della-legge-n-85-del-3-luglio-2023-di-conversionene-del-decreto-lavoro\/#breadcrumb"},"inLanguage":"it-IT","potentialAction":[{"@type":"ReadAction","target":["https:\/\/ftavvocati.it\/index.php\/2023\/07\/12\/70-le-novita-della-legge-n-85-del-3-luglio-2023-di-conversionene-del-decreto-lavoro\/"]}]},{"@type":"BreadcrumbList","@id":"https:\/\/ftavvocati.it\/index.php\/2023\/07\/12\/70-le-novita-della-legge-n-85-del-3-luglio-2023-di-conversionene-del-decreto-lavoro\/#breadcrumb","itemListElement":[{"@type":"ListItem","position":1,"name":"Home","item":"https:\/\/ftavvocati.it\/"},{"@type":"ListItem","position":2,"name":"70. Le novit\u00e0 della Legge n. 85 del 3 luglio 2023 di conversionene del decreto Lavoro"}]},{"@type":"WebSite","@id":"http:\/\/ftavvocati.it\/#website","url":"http:\/\/ftavvocati.it\/","name":"FTA avvocati","description":"","potentialAction":[{"@type":"SearchAction","target":{"@type":"EntryPoint","urlTemplate":"http:\/\/ftavvocati.it\/?s={search_term_string}"},"query-input":"required name=search_term_string"}],"inLanguage":"it-IT"},{"@type":"Person","@id":"http:\/\/ftavvocati.it\/#\/schema\/person\/f0141e6e546a04395d301fc470ccb53e","name":"FTA","url":"https:\/\/ftavvocati.it\/index.php\/author\/fta\/"}]}},"featured_image_src":"https:\/\/ftavvocati.it\/wp-content\/uploads\/2023\/07\/73-600x400.png","featured_image_src_square":"https:\/\/ftavvocati.it\/wp-content\/uploads\/2023\/07\/73-600x600.png","author_info":{"display_name":"FTA","author_link":"https:\/\/ftavvocati.it\/index.php\/author\/fta\/"},"_links":{"self":[{"href":"https:\/\/ftavvocati.it\/index.php\/wp-json\/wp\/v2\/posts\/1639"}],"collection":[{"href":"https:\/\/ftavvocati.it\/index.php\/wp-json\/wp\/v2\/posts"}],"about":[{"href":"https:\/\/ftavvocati.it\/index.php\/wp-json\/wp\/v2\/types\/post"}],"author":[{"embeddable":true,"href":"https:\/\/ftavvocati.it\/index.php\/wp-json\/wp\/v2\/users\/2"}],"replies":[{"embeddable":true,"href":"https:\/\/ftavvocati.it\/index.php\/wp-json\/wp\/v2\/comments?post=1639"}],"version-history":[{"count":13,"href":"https:\/\/ftavvocati.it\/index.php\/wp-json\/wp\/v2\/posts\/1639\/revisions"}],"predecessor-version":[{"id":1666,"href":"https:\/\/ftavvocati.it\/index.php\/wp-json\/wp\/v2\/posts\/1639\/revisions\/1666"}],"wp:featuredmedia":[{"embeddable":true,"href":"https:\/\/ftavvocati.it\/index.php\/wp-json\/wp\/v2\/media\/1644"}],"wp:attachment":[{"href":"https:\/\/ftavvocati.it\/index.php\/wp-json\/wp\/v2\/media?parent=1639"}],"wp:term":[{"taxonomy":"category","embeddable":true,"href":"https:\/\/ftavvocati.it\/index.php\/wp-json\/wp\/v2\/categories?post=1639"},{"taxonomy":"post_tag","embeddable":true,"href":"https:\/\/ftavvocati.it\/index.php\/wp-json\/wp\/v2\/tags?post=1639"}],"curies":[{"name":"wp","href":"https:\/\/api.w.org\/{rel}","templated":true}]}}